{"id":1134,"date":"2024-04-24T12:35:29","date_gmt":"2024-04-24T12:35:29","guid":{"rendered":"https:\/\/kreuz-und-quer.com\/?p=1134"},"modified":"2024-04-24T12:38:47","modified_gmt":"2024-04-24T12:38:47","slug":"wegen-umzugs-laden-geschlossen-vom-2-mai-bis-8-mai","status":"publish","type":"post","link":"https:\/\/kreuz-und-quer.com\/?p=1134","title":{"rendered":"Wegen Umzugs Laden geschlossen vom 2. Mai bis 8. Mai"},"content":{"rendered":"\n<p>Ab dem 10. Mai sind wir in Neuenb\u00fcrg Arnbach im Alten Rathaus Ottenh\u00e4user Str. 1 zu den gewohnten \u00d6ffnungszeiten wieder f\u00fcr Sie da.<\/p>\n\n\n\n<p>Wir freuen uns Sie in den neuen R\u00e4umen begr\u00fc\u00dfen zu d\u00fcrfen.<\/p>\n\n\n\n<p>Ihr Kreuzundquer-Team<\/p>\n","protected":false},"excerpt":{"rendered":"<p>Ab dem 10. Mai sind wir in Neuenb\u00fcrg Arnbach im Alten Rathaus Ottenh\u00e4user Str. 1 zu den gewohnten \u00d6ffnungszeiten wieder f\u00fcr Sie da. Wir freuen uns Sie in den neuen R\u00e4umen begr\u00fc\u00dfen zu d\u00fcrfen. Ihr Kreuzundquer-Team<\/p>\n","protected":false},"author":2,"featured_media":1138,"comment_status":"closed","ping_status":"closed","sticky":false,"template":"","format":"standard","meta":{"footnotes":""},"categories":[1],"tags":[],"_links":{"self":[{"href":"https:\/\/kreuz-und-quer.com\/index.php?rest_route=\/wp\/v2\/posts\/1134"}],"collection":[{"href":"https:\/\/kreuz-und-quer.com\/index.php?rest_route=\/wp\/v2\/posts"}],"about":[{"href":"https:\/\/kreuz-und-quer.com\/index.php?rest_route=\/wp\/v2\/types\/post"}],"author":[{"embeddable":true,"href":"https:\/\/kreuz-und-quer.com\/index.php?rest_route=\/wp\/v2\/users\/2"}],"replies":[{"embeddable":true,"href":"https:\/\/kreuz-und-quer.com\/index.php?rest_route=%2Fwp%2Fv2%2Fcomments&post=1134"}],"version-history":[{"count":3,"href":"https:\/\/kreuz-und-quer.com\/index.php?rest_route=\/wp\/v2\/posts\/1134\/revisions"}],"predecessor-version":[{"id":1139,"href":"https:\/\/kreuz-und-quer.com\/index.php?rest_route=\/wp\/v2\/posts\/1134\/revisions\/1139"}],"wp:featuredmedia":[{"embeddable":true,"href":"https:\/\/kreuz-und-quer.com\/index.php?rest_route=\/wp\/v2\/media\/1138"}],"wp:attachment":[{"href":"https:\/\/kreuz-und-quer.com\/index.php?rest_route=%2Fwp%2Fv2%2Fmedia&parent=1134"}],"wp:term":[{"taxonomy":"category","embeddable":true,"href":"https:\/\/kreuz-und-quer.com\/index.php?rest_route=%2Fwp%2Fv2%2Fcategories&post=1134"},{"taxonomy":"post_tag","embeddable":true,"href":"https:\/\/kreuz-und-quer.com\/index.php?rest_route=%2Fwp%2Fv2%2Ftags&post=1134"}],"curies":[{"name":"wp","href":"https:\/\/api.w.org\/{rel}","templated":true}]}}