{"id":1257,"date":"2025-05-15T11:31:50","date_gmt":"2025-05-15T11:31:50","guid":{"rendered":"https:\/\/kreuz-und-quer.com\/?p=1257"},"modified":"2025-05-15T11:31:50","modified_gmt":"2025-05-15T11:31:50","slug":"sommerfest-sa-28-06-2025-von-12-bis-17-uhr","status":"publish","type":"post","link":"https:\/\/kreuz-und-quer.com\/?p=1257","title":{"rendered":"Sommerfest, Sa. 28.06.2025 von 12 bis 17 Uhr"},"content":{"rendered":"\n<p>Kommt vorbei, st\u00f6bert, probiert, genie\u00dft und lassen Sie sich inspirieren!<\/p>\n\n\n\n<p>Freuen Sie sich auf unsere Highlights:<br>\u2022 Caf\u00e9 Lebensgef\u00fchl \u2013 feine Desserts &amp; aromatischer Kaffee<br>\u2022 Schnipselwerkstatt \u2013 Kreatives aus Karton, Papier &amp; Fantasie<br>\u2022 Alenas Unikate \u2013 kreative Trockenblumenkreationen mit Herz<br>\u2022 Pappenstil \u2013 handgestaltete Karten und Accessoires<br>\u2022 Kreuzundquer-Schn\u00e4ppchenmarkt \u2013 tolle Angebote &amp; Aktionen<\/p>\n\n\n\n<p>Bei Ihrem Kreuzundquer-Einkauf am 28.06. ab 25\u20ac bekommen Sie eine s\u00fc\u00dfe Leckerei von Caf\u00e9 Lebensgef\u00fchl gratis!<\/p>\n\n\n\n<p>Wir freuen uns auf Sie!<\/p>\n\n\n\n<p>Ihr Kreuzundquer-Team<\/p>\n\n\n\n<p><br><\/p>\n","protected":false},"excerpt":{"rendered":"<p>Kommt vorbei, st\u00f6bert, probiert, genie\u00dft und lassen Sie sich inspirieren! Freuen Sie sich auf unsere Highlights:\u2022 Caf\u00e9 Lebensgef\u00fchl \u2013 feine Desserts &amp; aromatischer Kaffee\u2022 Schnipselwerkstatt \u2013 Kreatives aus Karton, Papier &amp; Fantasie\u2022 Alenas Unikate \u2013 kreative Trockenblumenkreationen mit Herz\u2022 Pappenstil \u2013 handgestaltete Karten und Accessoires\u2022 Kreuzundquer-Schn\u00e4ppchenmarkt \u2013 tolle Angebote &amp; Aktionen Bei Ihrem Kreuzundquer-Einkauf am [&hellip;]<\/p>\n","protected":false},"author":2,"featured_media":1258,"comment_status":"closed","ping_status":"closed","sticky":false,"template":"","format":"standard","meta":{"footnotes":""},"categories":[1],"tags":[],"_links":{"self":[{"href":"https:\/\/kreuz-und-quer.com\/index.php?rest_route=\/wp\/v2\/posts\/1257"}],"collection":[{"href":"https:\/\/kreuz-und-quer.com\/index.php?rest_route=\/wp\/v2\/posts"}],"about":[{"href":"https:\/\/kreuz-und-quer.com\/index.php?rest_route=\/wp\/v2\/types\/post"}],"author":[{"embeddable":true,"href":"https:\/\/kreuz-und-quer.com\/index.php?rest_route=\/wp\/v2\/users\/2"}],"replies":[{"embeddable":true,"href":"https:\/\/kreuz-und-quer.com\/index.php?rest_route=%2Fwp%2Fv2%2Fcomments&post=1257"}],"version-history":[{"count":4,"href":"https:\/\/kreuz-und-quer.com\/index.php?rest_route=\/wp\/v2\/posts\/1257\/revisions"}],"predecessor-version":[{"id":1262,"href":"https:\/\/kreuz-und-quer.com\/index.php?rest_route=\/wp\/v2\/posts\/1257\/revisions\/1262"}],"wp:featuredmedia":[{"embeddable":true,"href":"https:\/\/kreuz-und-quer.com\/index.php?rest_route=\/wp\/v2\/media\/1258"}],"wp:attachment":[{"href":"https:\/\/kreuz-und-quer.com\/index.php?rest_route=%2Fwp%2Fv2%2Fmedia&parent=1257"}],"wp:term":[{"taxonomy":"category","embeddable":true,"href":"https:\/\/kreuz-und-quer.com\/index.php?rest_route=%2Fwp%2Fv2%2Fcategories&post=1257"},{"taxonomy":"post_tag","embeddable":true,"href":"https:\/\/kreuz-und-quer.com\/index.php?rest_route=%2Fwp%2Fv2%2Ftags&post=1257"}],"curies":[{"name":"wp","href":"https:\/\/api.w.org\/{rel}","templated":true}]}}