{"id":1265,"date":"2025-06-20T09:42:27","date_gmt":"2025-06-20T09:42:27","guid":{"rendered":"https:\/\/kreuz-und-quer.com\/?p=1265"},"modified":"2025-06-20T09:45:08","modified_gmt":"2025-06-20T09:45:08","slug":"urlaub-mi-23-07-bis-sa-02-08-2025","status":"publish","type":"post","link":"https:\/\/kreuz-und-quer.com\/?p=1265","title":{"rendered":"Urlaub, Mi. 23.07 bis Sa. 02.08.2025"},"content":{"rendered":"\n<p class=\"has-medium-font-size\"><strong>Urlaub \u2013 Zeit f\u00fcr neue Ideen<\/strong> &#8211; <br>Vom <strong>23. Juli bis einschlie\u00dflich 2. August<\/strong> g\u00f6nnen wir uns eine kreative Auszeit, um neue Energie zu tanken und frische Inspirationen zu sammeln. <br>Ab dem <strong>6. August<\/strong> sind wir zu den gewohnten \u00d6ffnungszeiten wieder f\u00fcr Sie da.<br>Vielen Dank f\u00fcr Ihr Verst\u00e4ndnis!<\/p>\n\n\n\n<p>Ihr Kreuzundquer-Team<\/p>\n","protected":false},"excerpt":{"rendered":"<p>Urlaub \u2013 Zeit f\u00fcr neue Ideen &#8211; Vom 23. Juli bis einschlie\u00dflich 2. August g\u00f6nnen wir uns eine kreative Auszeit, um neue Energie zu tanken und frische Inspirationen zu sammeln. Ab dem 6. August sind wir zu den gewohnten \u00d6ffnungszeiten wieder f\u00fcr Sie da.Vielen Dank f\u00fcr Ihr Verst\u00e4ndnis! Ihr Kreuzundquer-Team<\/p>\n","protected":false},"author":2,"featured_media":1266,"comment_status":"closed","ping_status":"closed","sticky":false,"template":"","format":"standard","meta":{"footnotes":""},"categories":[1],"tags":[],"_links":{"self":[{"href":"https:\/\/kreuz-und-quer.com\/index.php?rest_route=\/wp\/v2\/posts\/1265"}],"collection":[{"href":"https:\/\/kreuz-und-quer.com\/index.php?rest_route=\/wp\/v2\/posts"}],"about":[{"href":"https:\/\/kreuz-und-quer.com\/index.php?rest_route=\/wp\/v2\/types\/post"}],"author":[{"embeddable":true,"href":"https:\/\/kreuz-und-quer.com\/index.php?rest_route=\/wp\/v2\/users\/2"}],"replies":[{"embeddable":true,"href":"https:\/\/kreuz-und-quer.com\/index.php?rest_route=%2Fwp%2Fv2%2Fcomments&post=1265"}],"version-history":[{"count":3,"href":"https:\/\/kreuz-und-quer.com\/index.php?rest_route=\/wp\/v2\/posts\/1265\/revisions"}],"predecessor-version":[{"id":1269,"href":"https:\/\/kreuz-und-quer.com\/index.php?rest_route=\/wp\/v2\/posts\/1265\/revisions\/1269"}],"wp:featuredmedia":[{"embeddable":true,"href":"https:\/\/kreuz-und-quer.com\/index.php?rest_route=\/wp\/v2\/media\/1266"}],"wp:attachment":[{"href":"https:\/\/kreuz-und-quer.com\/index.php?rest_route=%2Fwp%2Fv2%2Fmedia&parent=1265"}],"wp:term":[{"taxonomy":"category","embeddable":true,"href":"https:\/\/kreuz-und-quer.com\/index.php?rest_route=%2Fwp%2Fv2%2Fcategories&post=1265"},{"taxonomy":"post_tag","embeddable":true,"href":"https:\/\/kreuz-und-quer.com\/index.php?rest_route=%2Fwp%2Fv2%2Ftags&post=1265"}],"curies":[{"name":"wp","href":"https:\/\/api.w.org\/{rel}","templated":true}]}}