{"id":32,"date":"2015-09-06T14:27:16","date_gmt":"2015-09-06T14:27:16","guid":{"rendered":"http:\/\/kreuz-und-quer.com\/?p=32"},"modified":"2015-09-12T14:15:51","modified_gmt":"2015-09-12T14:15:51","slug":"herzliche-einladung-zu-unserer-eroeffnungsfeier","status":"publish","type":"post","link":"https:\/\/kreuz-und-quer.com\/?p=32","title":{"rendered":"Herzliche Einladung zu unserer Er\u00f6ffnungsfeier am 03.10.2015 um 11:00 Uhr"},"content":{"rendered":"<p>Kommen Sie und st\u00f6bern Sie in unseren B\u00fccherregalen nach christlichen B\u00fcchern wie Biographien, Romanen und Bibeln.<br \/>\nAuch unterschiedliche Kalender und Losungsb\u00fccher haben wir in unserem Sortiment. Lassen sie sich in unserer vielseitigen Geschenkartikelabteilung inspirieren.<\/p>\n<p>Genie\u00dfen Sie vor, w\u00e4hrend oder nach dem Einkauf an unseren Tischen Kaffee oder Tee.<br \/>\nWir laden Sie ein zum Gespr\u00e4ch \u00fcber Gott und die Welt.<\/p>\n<p><strong>Wann und wo?: Am Samstag den 03.10.2015 um 11:00 Uhr<br \/>\nin der M\u00fchlstra\u00dfe 18, 75305 Neuenb\u00fcrg<\/strong><\/p>\n<p>Weitere Informationen finden Sie in diesem <a href=\"http:\/\/kreuz-und-quer.com\/wp-content\/uploads\/2015\/09\/Flyer.pdf\">Flyer<\/a>.<\/p>\n","protected":false},"excerpt":{"rendered":"<p>Kommen Sie und st\u00f6bern Sie in unseren B\u00fccherregalen nach christlichen B\u00fcchern wie Biographien, Romanen und Bibeln. Auch unterschiedliche Kalender und Losungsb\u00fccher haben wir in unserem Sortiment. Lassen sie sich in unserer vielseitigen Geschenkartikelabteilung inspirieren. Genie\u00dfen Sie vor, w\u00e4hrend oder nach dem Einkauf an unseren Tischen Kaffee oder Tee. Wir laden Sie ein zum Gespr\u00e4ch \u00fcber [&hellip;]<\/p>\n","protected":false},"author":1,"featured_media":36,"comment_status":"closed","ping_status":"closed","sticky":false,"template":"","format":"standard","meta":{"footnotes":""},"categories":[1],"tags":[],"_links":{"self":[{"href":"https:\/\/kreuz-und-quer.com\/index.php?rest_route=\/wp\/v2\/posts\/32"}],"collection":[{"href":"https:\/\/kreuz-und-quer.com\/index.php?rest_route=\/wp\/v2\/posts"}],"about":[{"href":"https:\/\/kreuz-und-quer.com\/index.php?rest_route=\/wp\/v2\/types\/post"}],"author":[{"embeddable":true,"href":"https:\/\/kreuz-und-quer.com\/index.php?rest_route=\/wp\/v2\/users\/1"}],"replies":[{"embeddable":true,"href":"https:\/\/kreuz-und-quer.com\/index.php?rest_route=%2Fwp%2Fv2%2Fcomments&post=32"}],"version-history":[{"count":7,"href":"https:\/\/kreuz-und-quer.com\/index.php?rest_route=\/wp\/v2\/posts\/32\/revisions"}],"predecessor-version":[{"id":75,"href":"https:\/\/kreuz-und-quer.com\/index.php?rest_route=\/wp\/v2\/posts\/32\/revisions\/75"}],"wp:featuredmedia":[{"embeddable":true,"href":"https:\/\/kreuz-und-quer.com\/index.php?rest_route=\/wp\/v2\/media\/36"}],"wp:attachment":[{"href":"https:\/\/kreuz-und-quer.com\/index.php?rest_route=%2Fwp%2Fv2%2Fmedia&parent=32"}],"wp:term":[{"taxonomy":"category","embeddable":true,"href":"https:\/\/kreuz-und-quer.com\/index.php?rest_route=%2Fwp%2Fv2%2Fcategories&post=32"},{"taxonomy":"post_tag","embeddable":true,"href":"https:\/\/kreuz-und-quer.com\/index.php?rest_route=%2Fwp%2Fv2%2Ftags&post=32"}],"curies":[{"name":"wp","href":"https:\/\/api.w.org\/{rel}","templated":true}]}}