{"id":65,"date":"2015-09-12T14:10:28","date_gmt":"2015-09-12T14:10:28","guid":{"rendered":"http:\/\/kreuz-und-quer.com\/?p=65"},"modified":"2015-09-12T14:14:26","modified_gmt":"2015-09-12T14:14:26","slug":"die-erste-ware-ist-schon-einsortiert","status":"publish","type":"post","link":"https:\/\/kreuz-und-quer.com\/?p=65","title":{"rendered":"Die erste Ware ist schon einsortiert"},"content":{"rendered":"<p>Die ersten B\u00fccher, Kalender, Tassen, Kerzen, &#8230; haben schon ihren Platz gefunden. Ab dem 03.10.2015 d\u00fcrfen diese \u00fcber den Tresen gehen und einigen Menschen eine Freude bereiten.<\/p>\n<p>Ein gro\u00dfes Dankesch\u00f6n gilt nat\u00fcrlich den vielen Helfern und unserem Gott, der das Alles so schnell erm\u00f6glicht hat.<\/p>\n<div id='gallery-1' class='gallery galleryid-65 gallery-columns-3 gallery-size-medium'><figure class='gallery-item'>\n\t\t\t<div class='gallery-icon landscape'>\n\t\t\t\t<a href='https:\/\/kreuz-und-quer.com\/?attachment_id=71'><img loading=\"lazy\" decoding=\"async\" width=\"300\" height=\"169\" src=\"https:\/\/kreuz-und-quer.com\/wp-content\/uploads\/2015\/09\/links1-300x169.jpg\" class=\"attachment-medium size-medium\" alt=\"\" srcset=\"https:\/\/kreuz-und-quer.com\/wp-content\/uploads\/2015\/09\/links1-300x169.jpg 300w, https:\/\/kreuz-und-quer.com\/wp-content\/uploads\/2015\/09\/links1.jpg 960w\" sizes=\"(max-width: 300px) 100vw, 300px\" \/><\/a>\n\t\t\t<\/div><\/figure><figure class='gallery-item'>\n\t\t\t<div class='gallery-icon portrait'>\n\t\t\t\t<a href='https:\/\/kreuz-und-quer.com\/?attachment_id=68'><img loading=\"lazy\" decoding=\"async\" width=\"165\" height=\"300\" src=\"https:\/\/kreuz-und-quer.com\/wp-content\/uploads\/2015\/09\/rechts2-165x300.jpg\" class=\"attachment-medium size-medium\" alt=\"\" srcset=\"https:\/\/kreuz-und-quer.com\/wp-content\/uploads\/2015\/09\/rechts2-165x300.jpg 165w, https:\/\/kreuz-und-quer.com\/wp-content\/uploads\/2015\/09\/rechts2.jpg 528w\" sizes=\"(max-width: 165px) 100vw, 165px\" \/><\/a>\n\t\t\t<\/div><\/figure><figure class='gallery-item'>\n\t\t\t<div class='gallery-icon portrait'>\n\t\t\t\t<a href='https:\/\/kreuz-und-quer.com\/?attachment_id=67'><img loading=\"lazy\" decoding=\"async\" width=\"165\" height=\"300\" src=\"https:\/\/kreuz-und-quer.com\/wp-content\/uploads\/2015\/09\/rechts-165x300.jpg\" class=\"attachment-medium size-medium\" alt=\"\" srcset=\"https:\/\/kreuz-und-quer.com\/wp-content\/uploads\/2015\/09\/rechts-165x300.jpg 165w, https:\/\/kreuz-und-quer.com\/wp-content\/uploads\/2015\/09\/rechts.jpg 528w\" sizes=\"(max-width: 165px) 100vw, 165px\" \/><\/a>\n\t\t\t<\/div><\/figure>\n\t\t<\/div>\n\n<p>&nbsp;<\/p>\n","protected":false},"excerpt":{"rendered":"<p>Die ersten B\u00fccher, Kalender, Tassen, Kerzen, &#8230; haben schon ihren Platz gefunden. Ab dem 03.10.2015 d\u00fcrfen diese \u00fcber den Tresen gehen und einigen Menschen eine Freude bereiten. Ein gro\u00dfes Dankesch\u00f6n gilt nat\u00fcrlich den vielen Helfern und unserem Gott, der das Alles so schnell erm\u00f6glicht hat. &nbsp;<\/p>\n","protected":false},"author":1,"featured_media":66,"comment_status":"closed","ping_status":"closed","sticky":false,"template":"","format":"standard","meta":{"footnotes":""},"categories":[1],"tags":[],"_links":{"self":[{"href":"https:\/\/kreuz-und-quer.com\/index.php?rest_route=\/wp\/v2\/posts\/65"}],"collection":[{"href":"https:\/\/kreuz-und-quer.com\/index.php?rest_route=\/wp\/v2\/posts"}],"about":[{"href":"https:\/\/kreuz-und-quer.com\/index.php?rest_route=\/wp\/v2\/types\/post"}],"author":[{"embeddable":true,"href":"https:\/\/kreuz-und-quer.com\/index.php?rest_route=\/wp\/v2\/users\/1"}],"replies":[{"embeddable":true,"href":"https:\/\/kreuz-und-quer.com\/index.php?rest_route=%2Fwp%2Fv2%2Fcomments&post=65"}],"version-history":[{"count":4,"href":"https:\/\/kreuz-und-quer.com\/index.php?rest_route=\/wp\/v2\/posts\/65\/revisions"}],"predecessor-version":[{"id":73,"href":"https:\/\/kreuz-und-quer.com\/index.php?rest_route=\/wp\/v2\/posts\/65\/revisions\/73"}],"wp:featuredmedia":[{"embeddable":true,"href":"https:\/\/kreuz-und-quer.com\/index.php?rest_route=\/wp\/v2\/media\/66"}],"wp:attachment":[{"href":"https:\/\/kreuz-und-quer.com\/index.php?rest_route=%2Fwp%2Fv2%2Fmedia&parent=65"}],"wp:term":[{"taxonomy":"category","embeddable":true,"href":"https:\/\/kreuz-und-quer.com\/index.php?rest_route=%2Fwp%2Fv2%2Fcategories&post=65"},{"taxonomy":"post_tag","embeddable":true,"href":"https:\/\/kreuz-und-quer.com\/index.php?rest_route=%2Fwp%2Fv2%2Ftags&post=65"}],"curies":[{"name":"wp","href":"https:\/\/api.w.org\/{rel}","templated":true}]}}